{"id":856,"date":"2010-07-20T10:49:10","date_gmt":"2010-07-20T08:49:10","guid":{"rendered":"http:\/\/www.independentsplace.de\/wp-blog\/?p=856"},"modified":"2020-04-27T10:45:55","modified_gmt":"2020-04-27T08:45:55","slug":"maientag-2010","status":"publish","type":"post","link":"https:\/\/www.independentsplace.de\/wp-blog\/2010\/07\/maientag-2010\/","title":{"rendered":"Maientag 2010"},"content":{"rendered":"<p><a href='https:\/\/www.independentsplace.de\/wp-blog\/wp-content\/mai_01_blog.jpg' title='mai_01_blog.jpg'><img src='https:\/\/www.independentsplace.de\/wp-blog\/wp-content\/mai_01_blog.jpg' alt='mai_01_blog.jpg' \/><\/a><\/p>\n<p><strong>Die Bilder kommen zwar ein bisschen sp\u00e4t, aber schlie\u00dflich war ja auch die ganze Veranstaltung in diesem Jahr verschoben: der N\u00fcrtinger Maientag  , der 2010 erst am 12. Juni stattfand!<br \/>\nWie schon im letzten Jahr hatte das Sport- und Schulamt der Stadt N\u00fcrtingen die INDEPENDENTS gebeten, den Festzug anzuf\u00fchren \u2013 wobei Herr Pantel , der Amtsleiter, ausgesprochenen Wert auf den Neufundl\u00e4nder-Express mit Fotostar Minni gelegt hat. <\/strong><br \/>\n<strong>Auch diesmal war\u2019s nicht gerade eine kupplungsfreundliche Veranstaltung, mit durchschnittlicher Fu\u00dfg\u00e4nger-Geschwindigkeit rund drei Kilometer durch N\u00fcrtingen zu fahren. Aber das Wetter war okay (nicht zu heiss), die Helmpflicht war f\u00fcr diese Veranstaltung ausgesetzt und schlie\u00dflich wollten Ede, Reiner und Petrus den N\u00fcrtingern wieder mal zeigen, was f\u00fcr nette Menschen wir Biker doch sind. <\/strong><\/p>\n<p><a href='https:\/\/www.independentsplace.de\/wp-blog\/wp-content\/mai_03_blog.jpg' title='mai_03_blog.jpg'><img src='https:\/\/www.independentsplace.de\/wp-blog\/wp-content\/mai_03_blog.jpg' alt='mai_03_blog.jpg' \/><\/a>                                                                   <\/p>\n<p><a href='https:\/\/www.independentsplace.de\/wp-blog\/wp-content\/mai_04_blog.jpg' title='mai_04_blog.jpg'><img src='https:\/\/www.independentsplace.de\/wp-blog\/wp-content\/mai_04_blog.jpg' alt='mai_04_blog.jpg' \/><\/a><a href='https:\/\/www.independentsplace.de\/wp-blog\/wp-content\/mai_05_blog.jpg' title='mai_05_blog.jpg'><img src='https:\/\/www.independentsplace.de\/wp-blog\/wp-content\/mai_05_blog.jpg' alt='mai_05_blog.jpg' \/><\/a><a href='https:\/\/www.independentsplace.de\/wp-blog\/wp-content\/mai_08_blog.jpg' title='mai_08_blog.jpg'><img src='https:\/\/www.independentsplace.de\/wp-blog\/wp-content\/mai_08_blog.jpg' alt='mai_08_blog.jpg' \/><\/a><a href='https:\/\/www.independentsplace.de\/wp-blog\/wp-content\/mai_16_blog.jpg' title='mai_16_blog.jpg'><img src='https:\/\/www.independentsplace.de\/wp-blog\/wp-content\/mai_16_blog.jpg' alt='mai_16_blog.jpg' \/><\/a><\/p>\n<p><a href='https:\/\/www.independentsplace.de\/wp-blog\/wp-content\/mai_02_blog.jpg' title='mai_02_blog.jpg'><img src='https:\/\/www.independentsplace.de\/wp-blog\/wp-content\/mai_02_blog.jpg' alt='mai_02_blog.jpg' \/><\/a><a href='https:\/\/www.independentsplace.de\/wp-blog\/wp-content\/mai_14_blog.jpg' title='mai_14_blog.jpg'><img src='https:\/\/www.independentsplace.de\/wp-blog\/wp-content\/mai_14_blog.jpg' alt='mai_14_blog.jpg' \/><\/a><a href='https:\/\/www.independentsplace.de\/wp-blog\/wp-content\/mai_11_blog.jpg' title='mai_11_blog.jpg'><img src='https:\/\/www.independentsplace.de\/wp-blog\/wp-content\/mai_11_blog.jpg' alt='mai_11_blog.jpg' \/><\/a>  <\/p>\n","protected":false},"excerpt":{"rendered":"<p>Die Bilder kommen zwar ein bisschen sp\u00e4t, aber schlie\u00dflich war ja auch die ganze Veranstaltung in diesem Jahr verschoben: der N\u00fcrtinger Maientag , der 2010 erst am 12. Juni stattfand! Wie schon im letzten Jahr hatte das Sport- und Schulamt der Stadt N\u00fcrtingen die INDEPENDENTS gebeten, den Festzug anzuf\u00fchren \u2013 wobei Herr Pantel , der [&hellip;]<\/p>\n","protected":false},"author":3,"featured_media":0,"comment_status":"open","ping_status":"closed","sticky":false,"template":"","format":"standard","meta":{"footnotes":""},"categories":[1],"tags":[],"_links":{"self":[{"href":"https:\/\/www.independentsplace.de\/wp-blog\/wp-json\/wp\/v2\/posts\/856"}],"collection":[{"href":"https:\/\/www.independentsplace.de\/wp-blog\/wp-json\/wp\/v2\/posts"}],"about":[{"href":"https:\/\/www.independentsplace.de\/wp-blog\/wp-json\/wp\/v2\/types\/post"}],"author":[{"embeddable":true,"href":"https:\/\/www.independentsplace.de\/wp-blog\/wp-json\/wp\/v2\/users\/3"}],"replies":[{"embeddable":true,"href":"https:\/\/www.independentsplace.de\/wp-blog\/wp-json\/wp\/v2\/comments?post=856"}],"version-history":[{"count":1,"href":"https:\/\/www.independentsplace.de\/wp-blog\/wp-json\/wp\/v2\/posts\/856\/revisions"}],"predecessor-version":[{"id":6063,"href":"https:\/\/www.independentsplace.de\/wp-blog\/wp-json\/wp\/v2\/posts\/856\/revisions\/6063"}],"wp:attachment":[{"href":"https:\/\/www.independentsplace.de\/wp-blog\/wp-json\/wp\/v2\/media?parent=856"}],"wp:term":[{"taxonomy":"category","embeddable":true,"href":"https:\/\/www.independentsplace.de\/wp-blog\/wp-json\/wp\/v2\/categories?post=856"},{"taxonomy":"post_tag","embeddable":true,"href":"https:\/\/www.independentsplace.de\/wp-blog\/wp-json\/wp\/v2\/tags?post=856"}],"curies":[{"name":"wp","href":"https:\/\/api.w.org\/{rel}","templated":true}]}}